{"id":11700,"date":"2017-10-17T15:20:55","date_gmt":"2017-10-17T13:20:55","guid":{"rendered":"https:\/\/samiskbibliotektjeneste.wordpress.com\/?p=11700"},"modified":"2017-10-17T15:20:55","modified_gmt":"2017-10-17T13:20:55","slug":"yngve-ryd-doahkke-fagelflock-samiska-fagelnamn-och-myter","status":"publish","type":"post","link":"https:\/\/backup.gnist.dev\/sambib\/2017\/10\/17\/yngve-ryd-doahkke-fagelflock-samiska-fagelnamn-och-myter\/","title":{"rendered":"Yngve Ryd: Doahkke &#8211; f\u00e5gelflock : samiska f\u00e5gelnamn och myter"},"content":{"rendered":"<p><img data-recalc-dims=\"1\" loading=\"lazy\" decoding=\"async\" class=\"  wp-image-11704 alignleft\" src=\"https:\/\/i0.wp.com\/backup.gnist.dev\/sambib\/wp-content\/uploads\/2017\/10\/doahkke.jpg?resize=190%2C276\" alt=\"doahkke\" width=\"190\" height=\"276\" \/>Praktverk om Lapplands fugleverden.\u00a0 Bokens f\u00f8rste del Doahkke &#8211; F\u00e5gelflock, forteller om 80 gamle lulesamiske fuglenavn, myter og jaktfortellinger med tilknyning til disse fuglene. I bokens andre del fortelles den spennende historien om Tjuona, fjellg\u00e5sen, og om hvordan denne fuglen p\u00e5 mystisk vis forsvant fra de svenske fjellene for 60 \u00e5r siden. Boka er rikt illustrert med fargefotografier av naturfotografen Gunilla Falk. Svensk tekst.<br \/>\n<a href=\"https:\/\/sv.wikipedia.org\/wiki\/Yngve_Ryd\">Yngve Ryd<\/a>s mange b\u00f8ker om natur og kultur i Lappland har n\u00e5dd ut til et stort publikum.\u00a0Ved sin d\u00f8d i 2012 gjensto flere p\u00e5begynte manus og intervjumateriale. Denne boka er ferdigstilt av hans s\u00f8ster Lillian Ryd og er et viktig bidrag til den samiske kulturhistorien.<br \/>\n<a href=\"http:\/\/sverigesradio.se\/sida\/artikel.aspx?programid=2327&amp;artikel=6798558\">Boksl\u00e4pp av lulesamisk f\u00e5gelbok lockade m\u00e5nga<\/a> (Anne Marit P\u00e4ivio, 14.10.17, Sameradion &amp; SVT S\u00e1pmi)<br \/>\nISBN: 9789187949616. <a href=\"http:\/\/www.ordvisor.se\/shopping\/product_details.php?id=&amp;product_id=715\">Ord&amp;visor f\u00f6rlag<\/a>, 2017. 240 s. Innb. 285 SEK (Kan kj\u00f8pes fra <a href=\"http:\/\/www.bibsent.no\/B%C3%B8ker-medier.aspx?GroupID=GROUP94&amp;ProductID=9789187949616\">Biblioteksentralen<\/a>,\u00a0<a href=\"https:\/\/www.adlibris.com\/no\/bok\/doahkke---fagelflock-samiska-fagelnamn-och-myter-9789187949616\">adlibris<\/a> og <a href=\"https:\/\/www.tanum.no\/_dokumentar-og-fakta\/dyr-og-natur\/fugler\/doahkke---f%C3%A5gelflock-:-samiska-f%C3%A5gelnamn-och-myter-yngve-ryd-9789187949616\">tanum<\/a>)<\/p>\n","protected":false},"excerpt":{"rendered":"<p>Praktverk om Lapplands fugleverden.\u00a0 Bokens f\u00f8rste del Doahkke &#8211; F\u00e5gelflock, forteller om 80 gamle lulesamiske fuglenavn, myter og jaktfortellinger med tilknyning til disse fuglene. I bokens andre del fortelles den spennende historien om Tjuona, fjellg\u00e5sen, og om hvordan denne fuglen p\u00e5 mystisk vis forsvant fra de svenske fjellene for 60 \u00e5r siden. Boka er rikt &hellip; <\/p>\n<p class=\"link-more\"><a href=\"https:\/\/backup.gnist.dev\/sambib\/2017\/10\/17\/yngve-ryd-doahkke-fagelflock-samiska-fagelnamn-och-myter\/\" class=\"more-link\">Fortsett \u00e5 lese<span class=\"screen-reader-text\"> \u00abYngve Ryd: Doahkke &#8211; f\u00e5gelflock : samiska f\u00e5gelnamn och myter\u00bb<\/span><\/a><\/p>\n","protected":false},"author":7,"featured_media":0,"comment_status":"open","ping_status":"closed","sticky":false,"template":"","format":"standard","meta":{"jetpack_post_was_ever_published":false,"_jetpack_newsletter_access":"","_jetpack_dont_email_post_to_subs":false,"_jetpack_newsletter_tier_id":0,"_jetpack_memberships_contains_paywalled_content":false,"_jetpack_memberships_contains_paid_content":false,"footnotes":"","jetpack_publicize_message":"","jetpack_publicize_feature_enabled":true,"jetpack_social_post_already_shared":false,"jetpack_social_options":{"image_generator_settings":{"template":"highway","default_image_id":0,"font":"","enabled":false},"version":2}},"categories":[7,16,17],"tags":[193,203,268,318,335,359,419,605,607],"class_list":["post-11700","post","type-post","status-publish","format-standard","hentry","category-fagbkerfagagirjjit","category-oppslagsverkohcangirjjit","category-sakprosa","tag-fortellinger","tag-fugler","tag-jakt","tag-kulturhistorie","tag-lappland","tag-lulesamisk","tag-nord-sverige","tag-svensk","tag-sverige"],"jetpack_publicize_connections":[],"jetpack_featured_media_url":"","jetpack_sharing_enabled":true,"jetpack_shortlink":"https:\/\/wp.me\/paButM-32I","_links":{"self":[{"href":"https:\/\/backup.gnist.dev\/sambib\/wp-json\/wp\/v2\/posts\/11700","targetHints":{"allow":["GET"]}}],"collection":[{"href":"https:\/\/backup.gnist.dev\/sambib\/wp-json\/wp\/v2\/posts"}],"about":[{"href":"https:\/\/backup.gnist.dev\/sambib\/wp-json\/wp\/v2\/types\/post"}],"author":[{"embeddable":true,"href":"https:\/\/backup.gnist.dev\/sambib\/wp-json\/wp\/v2\/users\/7"}],"replies":[{"embeddable":true,"href":"https:\/\/backup.gnist.dev\/sambib\/wp-json\/wp\/v2\/comments?post=11700"}],"version-history":[{"count":0,"href":"https:\/\/backup.gnist.dev\/sambib\/wp-json\/wp\/v2\/posts\/11700\/revisions"}],"wp:attachment":[{"href":"https:\/\/backup.gnist.dev\/sambib\/wp-json\/wp\/v2\/media?parent=11700"}],"wp:term":[{"taxonomy":"category","embeddable":true,"href":"https:\/\/backup.gnist.dev\/sambib\/wp-json\/wp\/v2\/categories?post=11700"},{"taxonomy":"post_tag","embeddable":true,"href":"https:\/\/backup.gnist.dev\/sambib\/wp-json\/wp\/v2\/tags?post=11700"}],"curies":[{"name":"wp","href":"https:\/\/api.w.org\/{rel}","templated":true}]}}