{"id":16904,"date":"2022-06-15T15:45:30","date_gmt":"2022-06-15T13:45:30","guid":{"rendered":"https:\/\/backup.gnist.dev\/sambib\/?p=16904"},"modified":"2023-01-12T11:59:10","modified_gmt":"2023-01-12T10:59:10","slug":"ingjerd-tjelle-internatliv-den-unike-historien-om-skoleinternatene-i-finnmark","status":"publish","type":"post","link":"https:\/\/backup.gnist.dev\/sambib\/2022\/06\/15\/ingjerd-tjelle-internatliv-den-unike-historien-om-skoleinternatene-i-finnmark\/","title":{"rendered":"Ingjerd Tjelle: Internatliv &#8211; den unike historien om skoleinternatene i Finnmark"},"content":{"rendered":"<p><img data-recalc-dims=\"1\" loading=\"lazy\" decoding=\"async\" class=\"size-medium wp-image-16905 alignleft\" src=\"https:\/\/i0.wp.com\/backup.gnist.dev\/sambib\/wp-content\/uploads\/2022\/06\/internatliv.jpg?resize=291%2C300&#038;ssl=1\" alt=\"\" width=\"291\" height=\"300\" srcset=\"https:\/\/i0.wp.com\/backup.gnist.dev\/sambib\/wp-content\/uploads\/2022\/06\/internatliv-scaled.jpg?resize=291%2C300&amp;ssl=1 291w, https:\/\/i0.wp.com\/backup.gnist.dev\/sambib\/wp-content\/uploads\/2022\/06\/internatliv-scaled.jpg?resize=995%2C1024&amp;ssl=1 995w, https:\/\/i0.wp.com\/backup.gnist.dev\/sambib\/wp-content\/uploads\/2022\/06\/internatliv-scaled.jpg?resize=768%2C791&amp;ssl=1 768w, https:\/\/i0.wp.com\/backup.gnist.dev\/sambib\/wp-content\/uploads\/2022\/06\/internatliv-scaled.jpg?resize=1492%2C1536&amp;ssl=1 1492w, https:\/\/i0.wp.com\/backup.gnist.dev\/sambib\/wp-content\/uploads\/2022\/06\/internatliv-scaled.jpg?resize=1990%2C2048&amp;ssl=1 1990w, https:\/\/i0.wp.com\/backup.gnist.dev\/sambib\/wp-content\/uploads\/2022\/06\/internatliv-scaled.jpg?w=1050&amp;ssl=1 1050w, https:\/\/i0.wp.com\/backup.gnist.dev\/sambib\/wp-content\/uploads\/2022\/06\/internatliv-scaled.jpg?w=1575&amp;ssl=1 1575w\" sizes=\"auto, (max-width: 291px) 100vw, 291px\" \/>Lengst nord i Norge finnes det historier om barndom og skolegang som er helt annerledes enn i resten av landet. Historier om skolebarn som ble atskilt fra hjem og foreldre, og som ble nektet \u00e5 snakke spr\u00e5ket sitt. Det handler om tap og skam, men ogs\u00e5 om et skoletilbud i rask forbedring. Ingen andre steder i Europa ble det over en s\u00e5 kort periode . i et s\u00e5 grisgrendt omr\u00e5de . bygget s\u00e5 mange skoleinternater som i Finnmark.<\/p>\n<p>Noen av \u00e5rsakene var \u00f8nsket om \u00e5 fornorske de samiske og finske barna i Finnmark, \u00e5 bygge nasjonen Norge, og \u00e5 markere norsk suverenitet i grenseomr\u00e5dene mot Finland og Russland. Denne boka dykker ned i disse barnas historier. Men ogs\u00e5 foreldre, internatansatte og de som vedtok skolepolitikken er en del av bokas fortelling.<\/p>\n<p>Tjelle har tidligere gitt ut bok om dette temaet: <a href=\"https:\/\/www.nb.no\/items\/9af779c27df427c9e0a1cac6d1059e2e?page=0\">Bortsendt og internert &#8211; m\u00f8te med internatbarn<\/a> (2000)<\/p>\n<p><a href=\"https:\/\/forfatterkatalogen.no\/forfattere\/ingjerd-tjelle\/\">Ingjerd Tjelle<\/a> (f. 1963) har jobbet som journalist, forfatter og formidler siden 1984. Hun er utdannet cand. mag med fagene historie, statsvitenskap og rettsl\u00e6re. Hun har blant annet skrevet b\u00f8ker om barnehjemsbarn, internatbarn, og om blodstoppere og lesere. Alt med forankring i Finnmark.<\/p>\n<p><a href=\"https:\/\/www.nordnorskdebatt.no\/tjelles-bok-viser-at-historien-er-sammensatt-og-nyansert-ogsa-den-om-internatene-i-finnmark\/r\/5-124-205470\">Tjelles bok viser at historien er sammensatt og nyansert, ogs\u00e5 den om internatene i Finnmark<\/a> (Helge Chr. Pedersen, Nordnorskdebatt, 22.10.22)<\/p>\n<p><a href=\"https:\/\/www.sagat.no\/nyheter\/arbeidet-med-boken-preger-fortsatt\/19.34415\">Arbeidet med boken preger fortsatt<\/a> (Karolina Ulfiq, 29.09.22, S\u00e1gat)<\/p>\n<p>ISBN: 978-82-8263-484-7. <a href=\"http:\/\/www.calliidlagadus.org\/web\/\">\u010c\u00e1lliidL\u00e1g\u00e1dus<\/a>, 2022. 337 s. Innb. 375.- (kan kj\u00f8pes gjennom <a href=\"https:\/\/www.bibsent.no\/internatliv-9788282634847\">Biblioteksentralen<\/a> ,<a href=\"https:\/\/www.adlibris.com\/no\/bok\/internatliv-9788282634847\">Adlibris<\/a> og <a href=\"https:\/\/www.gavpi.org\/hjem\/1831-internatliv.html\">Gavpi<\/a> blant andre)<\/p>\n","protected":false},"excerpt":{"rendered":"<p>Lengst nord i Norge finnes det historier om barndom og skolegang som er helt annerledes enn i resten av landet. Historier om skolebarn som ble atskilt fra hjem og foreldre, og som ble nektet \u00e5 snakke spr\u00e5ket sitt. Det handler om tap og skam, men ogs\u00e5 om et skoletilbud i rask forbedring. Ingen andre steder &hellip; <\/p>\n<p class=\"link-more\"><a href=\"https:\/\/backup.gnist.dev\/sambib\/2022\/06\/15\/ingjerd-tjelle-internatliv-den-unike-historien-om-skoleinternatene-i-finnmark\/\" class=\"more-link\">Fortsett \u00e5 lese<span class=\"screen-reader-text\"> \u00abIngjerd Tjelle: Internatliv &#8211; den unike historien om skoleinternatene i Finnmark\u00bb<\/span><\/a><\/p>\n","protected":false},"author":7,"featured_media":0,"comment_status":"closed","ping_status":"closed","sticky":false,"template":"","format":"standard","meta":{"jetpack_post_was_ever_published":false,"_jetpack_newsletter_access":"","_jetpack_dont_email_post_to_subs":false,"_jetpack_newsletter_tier_id":0,"_jetpack_memberships_contains_paywalled_content":false,"_jetpack_memberships_contains_paid_content":false,"footnotes":"","jetpack_publicize_message":"","jetpack_publicize_feature_enabled":true,"jetpack_social_post_already_shared":true,"jetpack_social_options":{"image_generator_settings":{"template":"highway","default_image_id":0,"font":"","enabled":false},"version":2}},"categories":[7,17],"tags":[167,188,246,266,439,567],"class_list":["post-16904","post","type-post","status-publish","format-standard","hentry","category-fagbkerfagagirjjit","category-sakprosa","tag-finnmark","tag-fornorskning","tag-historie","tag-internater","tag-norsk","tag-skolehistorie"],"jetpack_publicize_connections":[],"jetpack_featured_media_url":"","jetpack_sharing_enabled":true,"jetpack_shortlink":"https:\/\/wp.me\/paButM-4oE","_links":{"self":[{"href":"https:\/\/backup.gnist.dev\/sambib\/wp-json\/wp\/v2\/posts\/16904","targetHints":{"allow":["GET"]}}],"collection":[{"href":"https:\/\/backup.gnist.dev\/sambib\/wp-json\/wp\/v2\/posts"}],"about":[{"href":"https:\/\/backup.gnist.dev\/sambib\/wp-json\/wp\/v2\/types\/post"}],"author":[{"embeddable":true,"href":"https:\/\/backup.gnist.dev\/sambib\/wp-json\/wp\/v2\/users\/7"}],"replies":[{"embeddable":true,"href":"https:\/\/backup.gnist.dev\/sambib\/wp-json\/wp\/v2\/comments?post=16904"}],"version-history":[{"count":6,"href":"https:\/\/backup.gnist.dev\/sambib\/wp-json\/wp\/v2\/posts\/16904\/revisions"}],"predecessor-version":[{"id":17777,"href":"https:\/\/backup.gnist.dev\/sambib\/wp-json\/wp\/v2\/posts\/16904\/revisions\/17777"}],"wp:attachment":[{"href":"https:\/\/backup.gnist.dev\/sambib\/wp-json\/wp\/v2\/media?parent=16904"}],"wp:term":[{"taxonomy":"category","embeddable":true,"href":"https:\/\/backup.gnist.dev\/sambib\/wp-json\/wp\/v2\/categories?post=16904"},{"taxonomy":"post_tag","embeddable":true,"href":"https:\/\/backup.gnist.dev\/sambib\/wp-json\/wp\/v2\/tags?post=16904"}],"curies":[{"name":"wp","href":"https:\/\/api.w.org\/{rel}","templated":true}]}}