{"id":5998,"date":"2015-05-18T10:51:20","date_gmt":"2015-05-18T08:51:20","guid":{"rendered":"https:\/\/samiskbibliotektjeneste.wordpress.com\/?p=5998"},"modified":"2015-05-18T10:51:20","modified_gmt":"2015-05-18T08:51:20","slug":"catarina-lundstrom-den-goda-viljan-kvinnliga-missionarer-och-koloniala-moten-i-tunisien-och-vastra-jamtland","status":"publish","type":"post","link":"https:\/\/backup.gnist.dev\/sambib\/2015\/05\/18\/catarina-lundstrom-den-goda-viljan-kvinnliga-missionarer-och-koloniala-moten-i-tunisien-och-vastra-jamtland\/","title":{"rendered":"Catarina Lundstr\u00f6m: Den goda viljan : kvinnliga mission\u00e4rer och koloniala m\u00f6ten i Tunisien och v\u00e4stra J\u00e4mtland"},"content":{"rendered":"<p><img data-recalc-dims=\"1\" height=\"268\" width=\"180\" decoding=\"async\" class=\" alignleft\" src=\"https:\/\/i0.wp.com\/www.nordicacademicpress.com\/wordpress\/wp-content\/uploads\/2015\/02\/DengodaviljanOmslag-180x268.jpg?resize=180%2C268\" alt=\"Den goda viljan\" \/><br \/>\nMissionverksamhet inneb\u00e4r i b\u00e4sta fall att m\u00e4nniskor m\u00f6ts och nya v\u00e4rldar \u00f6ppnas. I <em>Den goda viljan<\/em> st\u00e5r m\u00f6ten mellan religioner och kulturer i fokus \u2013 mellan kristna och muslimer, samer och svenskar och kvinnor med olika bakgrund. Men hur j\u00e4mlika var dessa m\u00f6ten? Kom 1900-talets koloniala t\u00e4nkande att pr\u00e4gla den kristna missionens verksamhet? Solidaritet och kontroll gick ofta hand i hand och kanske skedde samvaron mer p\u00e5 den enes villkor?<br \/>\nHistorikern Catarina Lundstr\u00f6m utg\u00e5r fr\u00e5n organisationen Kvinnliga Missions Arbetare i sin studie av m\u00f6tet mellan \u201dvi\u201d och \u201ddom\u201d. Fr\u00e5n 1894 till 2004 \u00e4gnade sig KMA \u00e5t socialt arbete \u00f6ver hela v\u00e4rlden, bland annat i Tunisien och den j\u00e4mtl\u00e4ndska fj\u00e4llv\u00e4rlden. Genom att belysa aktiviteterna vid ett \u00e5lderdomshem f\u00f6r samer i v\u00e4stra J\u00e4mtland och en verksamhet med kvinnor och barn i tunisiska Bizerte l\u00e5ter f\u00f6rfattaren oss f\u00f6lja mission\u00e4rernas arbete.<br \/>\nSkillnaderna och olikheterna lockade och inspirerade missionens kvinnor, uppdelningen i \u201dvi\u201d och \u201ddom\u201d rubbades ibland och v\u00e4nskapsband kn\u00f6ts f\u00f6r livet. Men mots\u00e4ttningar och intressekonflikter fanns ocks\u00e5. Hade det betydelse att mission\u00e4rerna var kvinnor? Gjorde deras arbete n\u00e5gon skillnad och vad kan vi l\u00e4ra oss av dessa m\u00f6ten idag?<br \/>\nLes utdrag:\u00a0<a href=\"https:\/\/books.google.no\/books?id=UsO8BwAAQBAJ&amp;source=gbs_ViewAPI&amp;printsec=frontcover&amp;redir_esc=y#v=onepage&amp;q&amp;f=false\">https:\/\/books.google.no\/books?id=UsO8BwAAQBAJ&amp;source=gbs_ViewAPI&amp;printsec=frontcover&amp;redir_esc=y#v=onepage&amp;q&amp;f=false<\/a><br \/>\n#samibib<br \/>\nISBN:\u00a0978-91-87675-59-1.<a href=\"http:\/\/www.nordicacademicpress.com\/bok\/den-goda-viljan\/\">Nordic Academic Press<\/a>, 2015, 261 s.(Inbunden) <a href=\"http:\/\/www.adlibris.com\/se\/organisationer\/product.aspx?isbn=9187675595\">adlibris<\/a>, <a href=\"http:\/\/www.bokus.com\/bok\/9789187675591\/den-goda-viljan-kvinnliga-missionarer-och-koloniala-moten-i-tunisien-och-vastra-jamtland\/\">bokus<\/a><\/p>\n","protected":false},"excerpt":{"rendered":"<p>Missionverksamhet inneb\u00e4r i b\u00e4sta fall att m\u00e4nniskor m\u00f6ts och nya v\u00e4rldar \u00f6ppnas. I Den goda viljan st\u00e5r m\u00f6ten mellan religioner och kulturer i fokus \u2013 mellan kristna och muslimer, samer och svenskar och kvinnor med olika bakgrund. Men hur j\u00e4mlika var dessa m\u00f6ten? Kom 1900-talets koloniala t\u00e4nkande att pr\u00e4gla den kristna missionens verksamhet? Solidaritet och &hellip; <\/p>\n<p class=\"link-more\"><a href=\"https:\/\/backup.gnist.dev\/sambib\/2015\/05\/18\/catarina-lundstrom-den-goda-viljan-kvinnliga-missionarer-och-koloniala-moten-i-tunisien-och-vastra-jamtland\/\" class=\"more-link\">Fortsett \u00e5 lese<span class=\"screen-reader-text\"> \u00abCatarina Lundstr\u00f6m: Den goda viljan : kvinnliga mission\u00e4rer och koloniala m\u00f6ten i Tunisien och v\u00e4stra J\u00e4mtland\u00bb<\/span><\/a><\/p>\n","protected":false},"author":7,"featured_media":0,"comment_status":"open","ping_status":"closed","sticky":false,"template":"","format":"standard","meta":{"jetpack_post_was_ever_published":false,"_jetpack_newsletter_access":"","_jetpack_dont_email_post_to_subs":false,"_jetpack_newsletter_tier_id":0,"_jetpack_memberships_contains_paywalled_content":false,"_jetpack_memberships_contains_paid_content":false,"footnotes":"","jetpack_publicize_message":"","jetpack_publicize_feature_enabled":true,"jetpack_social_post_already_shared":false,"jetpack_social_options":{"image_generator_settings":{"template":"highway","default_image_id":0,"font":"","enabled":false},"version":2}},"categories":[7],"tags":[246,316,321,494,605],"class_list":["post-5998","post","type-post","status-publish","format-standard","hentry","category-fagbkerfagagirjjit","tag-historie","tag-kultur","tag-kulturmoter","tag-religion","tag-svensk"],"jetpack_publicize_connections":[],"jetpack_featured_media_url":"","jetpack_sharing_enabled":true,"jetpack_shortlink":"https:\/\/wp.me\/paButM-1yK","_links":{"self":[{"href":"https:\/\/backup.gnist.dev\/sambib\/wp-json\/wp\/v2\/posts\/5998","targetHints":{"allow":["GET"]}}],"collection":[{"href":"https:\/\/backup.gnist.dev\/sambib\/wp-json\/wp\/v2\/posts"}],"about":[{"href":"https:\/\/backup.gnist.dev\/sambib\/wp-json\/wp\/v2\/types\/post"}],"author":[{"embeddable":true,"href":"https:\/\/backup.gnist.dev\/sambib\/wp-json\/wp\/v2\/users\/7"}],"replies":[{"embeddable":true,"href":"https:\/\/backup.gnist.dev\/sambib\/wp-json\/wp\/v2\/comments?post=5998"}],"version-history":[{"count":0,"href":"https:\/\/backup.gnist.dev\/sambib\/wp-json\/wp\/v2\/posts\/5998\/revisions"}],"wp:attachment":[{"href":"https:\/\/backup.gnist.dev\/sambib\/wp-json\/wp\/v2\/media?parent=5998"}],"wp:term":[{"taxonomy":"category","embeddable":true,"href":"https:\/\/backup.gnist.dev\/sambib\/wp-json\/wp\/v2\/categories?post=5998"},{"taxonomy":"post_tag","embeddable":true,"href":"https:\/\/backup.gnist.dev\/sambib\/wp-json\/wp\/v2\/tags?post=5998"}],"curies":[{"name":"wp","href":"https:\/\/api.w.org\/{rel}","templated":true}]}}